{"id":1123,"date":"2023-03-08T19:26:51","date_gmt":"2023-03-08T18:26:51","guid":{"rendered":"https:\/\/www.as-ugine.fr\/?p=1123"},"modified":"2026-03-18T18:08:27","modified_gmt":"2026-03-18T17:08:27","slug":"actualites-du-club","status":"publish","type":"post","link":"https:\/\/www.as-ugine.fr\/index.php\/2023\/03\/08\/actualites-du-club\/","title":{"rendered":"Actualit\u00e9s"},"content":{"rendered":"\n<h2 class=\"wp-block-heading has-large-font-size\"><img loading=\"lazy\" decoding=\"async\" height=\"16\" width=\"16\" src=\"https:\/\/static.xx.fbcdn.net\/images\/emoji.php\/v9\/td\/2\/16\/1f534.png\" alt=\"\ud83d\udd34\"><img loading=\"lazy\" decoding=\"async\" height=\"16\" width=\"16\" src=\"https:\/\/static.xx.fbcdn.net\/images\/emoji.php\/v9\/te\/2\/16\/26aa.png\" alt=\"\u26aa\"> Label Jeunes Espoir <img loading=\"lazy\" decoding=\"async\" height=\"16\" width=\"16\" src=\"https:\/\/static.xx.fbcdn.net\/images\/emoji.php\/v9\/te\/2\/16\/26aa.png\" alt=\"\u26aa\"><img loading=\"lazy\" decoding=\"async\" height=\"16\" width=\"16\" src=\"https:\/\/static.xx.fbcdn.net\/images\/emoji.php\/v9\/td\/2\/16\/1f534.png\" alt=\"\ud83d\udd34\"><\/h2>\n\n\n\n<p>Cette soir\u00e9e du jeudi 27 Mars 2025 a \u00e9t\u00e9 marqu\u00e9e par la c\u00e9r\u00e9monie de remise du Label Jeunes Espoir<img loading=\"lazy\" decoding=\"async\" height=\"16\" width=\"16\" src=\"https:\/\/static.xx.fbcdn.net\/images\/emoji.php\/v9\/t5d\/2\/16\/1f3c6.png\" alt=\"\ud83c\udfc6\"> et du Label F\u00e9minines Bronze<img loading=\"lazy\" decoding=\"async\" height=\"16\" width=\"16\" src=\"https:\/\/static.xx.fbcdn.net\/images\/emoji.php\/v9\/t35\/2\/16\/1f949.png\" alt=\"\ud83e\udd49\"> par Didier Anselme, pr\u00e9sident du <a href=\"https:\/\/savoie.fff.fr\/\" target=\"_blank\" rel=\"noreferrer noopener\">District de Savoie de Football<\/a> accompagn\u00e9 de Fabien Fontaine, responsable Label et Damien Billiet, \u00e9ducateur technique d\u00e9partemental.<\/p>\n\n\n\n<div class=\"wp-block-group\"><div class=\"wp-block-group__inner-container is-layout-constrained wp-block-group-is-layout-constrained\">\n<div class=\"wp-block-group\"><div class=\"wp-block-group__inner-container is-layout-constrained wp-block-group-is-layout-constrained\">\n<p>Ce Label Jeunes a pour objectif de renforcer le projet club qui doit se traduire par la mise en place d\u2019une politique sportive autour de la pratique des jeunes en coh\u00e9rence avec la politique f\u00e9d\u00e9rale.<\/p>\n<\/div><\/div>\n<\/div><\/div>\n\n\n\n<p><img loading=\"lazy\" decoding=\"async\" height=\"16\" width=\"16\" alt=\"\ud83d\udc4f\" src=\"https:\/\/static.xx.fbcdn.net\/images\/emoji.php\/v9\/t9d\/2\/16\/1f44f.png\"> Ce n&rsquo;est que le d\u00e9but d&rsquo;une lente mais s\u00fbre progression vers l&rsquo;excellence.<img loading=\"lazy\" decoding=\"async\" height=\"16\" width=\"16\" alt=\"\ud83d\udcc8\" src=\"https:\/\/static.xx.fbcdn.net\/images\/emoji.php\/v9\/ta0\/2\/16\/1f4c8.png\"><\/p>\n\n\n\n<p>Sandra Fonti nous a pr\u00e9sent\u00e9 les projets de notre club.<\/p>\n\n\n\n<p>C&rsquo;est avec une grande fiert\u00e9 que nous avons <a><\/a>re\u00e7u ces labels.<img loading=\"lazy\" decoding=\"async\" height=\"16\" width=\"16\" alt=\"\ud83d\ude01\" src=\"https:\/\/static.xx.fbcdn.net\/images\/emoji.php\/v9\/tee\/2\/16\/1f601.png\"><\/p>\n\n\n\n<p>Vivement la saison prochaine pour mettre en place tous ces projets.<img loading=\"lazy\" decoding=\"async\" height=\"16\" width=\"16\" alt=\"\ud83d\udd34\" src=\"https:\/\/static.xx.fbcdn.net\/images\/emoji.php\/v9\/td\/2\/16\/1f534.png\"><img loading=\"lazy\" decoding=\"async\" height=\"16\" width=\"16\" alt=\"\u26aa\ufe0f\" src=\"https:\/\/static.xx.fbcdn.net\/images\/emoji.php\/v9\/te\/2\/16\/26aa.png\"><img loading=\"lazy\" decoding=\"async\" height=\"16\" width=\"16\" alt=\"\ud83d\udc49\" src=\"https:\/\/static.xx.fbcdn.net\/images\/emoji.php\/v9\/tf0\/2\/16\/1f449.png\"><\/p>\n\n\n\n<p>Merci \u00e0 <a href=\"https:\/\/www.ugine.com\/\" target=\"_blank\" rel=\"noreferrer noopener\">Mairie d&rsquo;Ugine<\/a> pour son soutien sans failles et \u00e0 nos c\u00f4t\u00e9s depuis toujours <img loading=\"lazy\" decoding=\"async\" height=\"16\" width=\"16\" src=\"https:\/\/static.xx.fbcdn.net\/images\/emoji.php\/v9\/t1f\/2\/16\/1f64f.png\" alt=\"\ud83d\ude4f\"><\/p>\n\n\n\n<p>Merci \u00e0 tous les acteurs de cette soir\u00e9e et de fa\u00e7on g\u00e9n\u00e9rale, merci \u00e0 tous les membres actifs du club sans qui rien ne serait possible pour r\u00e9ussir dans l&rsquo;\u00e9ducation de nos enfants <img loading=\"lazy\" decoding=\"async\" height=\"16\" width=\"16\" alt=\"\ud83d\ude4f\" src=\"https:\/\/static.xx.fbcdn.net\/images\/emoji.php\/v9\/t1f\/2\/16\/1f64f.png\"><img loading=\"lazy\" decoding=\"async\" height=\"16\" width=\"16\" alt=\"\u2764\" src=\"https:\/\/static.xx.fbcdn.net\/images\/emoji.php\/v9\/ted\/2\/16\/2764.png\"><img loading=\"lazy\" decoding=\"async\" height=\"16\" width=\"16\" alt=\"\ud83e\udd0d\" src=\"https:\/\/static.xx.fbcdn.net\/images\/emoji.php\/v9\/t64\/2\/16\/1f90d.png\"><img loading=\"lazy\" decoding=\"async\" height=\"16\" width=\"16\" alt=\"\ud83d\ude4f\" src=\"https:\/\/static.xx.fbcdn.net\/images\/emoji.php\/v9\/t1f\/2\/16\/1f64f.png\"><\/p>\n\n\n\n<figure class=\"wp-block-image size-large\"><img loading=\"lazy\" decoding=\"async\" width=\"909\" height=\"682\" src=\"https:\/\/www.as-ugine.fr\/wp-content\/uploads\/2025\/03\/LabelJeunesMars2025-909x682.jpg\" alt=\"label jeunes espoir as ugine football\" class=\"wp-image-2477\" srcset=\"https:\/\/www.as-ugine.fr\/wp-content\/uploads\/2025\/03\/LabelJeunesMars2025-909x682.jpg 909w, https:\/\/www.as-ugine.fr\/wp-content\/uploads\/2025\/03\/LabelJeunesMars2025-267x200.jpg 267w, https:\/\/www.as-ugine.fr\/wp-content\/uploads\/2025\/03\/LabelJeunesMars2025-150x113.jpg 150w, https:\/\/www.as-ugine.fr\/wp-content\/uploads\/2025\/03\/LabelJeunesMars2025-768x576.jpg 768w, https:\/\/www.as-ugine.fr\/wp-content\/uploads\/2025\/03\/LabelJeunesMars2025-1536x1152.jpg 1536w, https:\/\/www.as-ugine.fr\/wp-content\/uploads\/2025\/03\/LabelJeunesMars2025-2048x1536.jpg 2048w, https:\/\/www.as-ugine.fr\/wp-content\/uploads\/2025\/03\/LabelJeunesMars2025-80x60.jpg 80w\" sizes=\"auto, (max-width: 909px) 100vw, 909px\" \/><\/figure>\n\n\n\n<h2 class=\"wp-block-heading\">Nouveau Partenaire, Nouvelle \u00c9nergie ! <\/h2>\n\n\n\n<div class=\"wp-block-media-text is-stacked-on-mobile\"><figure class=\"wp-block-media-text__media\"><img loading=\"lazy\" decoding=\"async\" width=\"858\" height=\"682\" src=\"https:\/\/www.as-ugine.fr\/wp-content\/uploads\/2025\/03\/PartenariatTeamSport2000-858x682.jpg\" alt=\"Nouvel \u00e9quipementier team sport 2000 - as ugine football\" class=\"wp-image-2478 size-full\" srcset=\"https:\/\/www.as-ugine.fr\/wp-content\/uploads\/2025\/03\/PartenariatTeamSport2000-858x682.jpg 858w, https:\/\/www.as-ugine.fr\/wp-content\/uploads\/2025\/03\/PartenariatTeamSport2000-252x200.jpg 252w, https:\/\/www.as-ugine.fr\/wp-content\/uploads\/2025\/03\/PartenariatTeamSport2000-150x119.jpg 150w, https:\/\/www.as-ugine.fr\/wp-content\/uploads\/2025\/03\/PartenariatTeamSport2000-768x611.jpg 768w, https:\/\/www.as-ugine.fr\/wp-content\/uploads\/2025\/03\/PartenariatTeamSport2000-75x60.jpg 75w, https:\/\/www.as-ugine.fr\/wp-content\/uploads\/2025\/03\/PartenariatTeamSport2000.jpg 1240w\" sizes=\"auto, (max-width: 858px) 100vw, 858px\" \/><\/figure><div class=\"wp-block-media-text__content\">\n<p>L&rsquo;AS Ugine est fi\u00e8re d&rsquo;annoncer son nouveau partenariat avec <a href=\"https:\/\/www.facebook.com\/teamsport2000?__cft__[0]=AZUPG8-wCObCzKqL-K4OrBJRcvKMN1on-6ftfPxXB-Ny3qQ8igQKflpkHkPjEsjjfprZKPUwp38QftApwKRqcdZ2Ajt37UCm09AYfOWBXDTB20-kcEiSsKElzWERYrmhzv3Ob8Defg2OYH6At0o13HfL&amp;__tn__=-]K-R\" target=\"_blank\" rel=\"noreferrer noopener\">TeamSport2000<\/a> ! <img loading=\"lazy\" decoding=\"async\" height=\"16\" width=\"16\" alt=\"\ud83e\udd1d\" src=\"https:\/\/static.xx.fbcdn.net\/images\/emoji.php\/v9\/t3\/2\/16\/1f91d.png\"><img loading=\"lazy\" decoding=\"async\" height=\"16\" width=\"16\" alt=\"\ud83d\udd25\" src=\"https:\/\/static.xx.fbcdn.net\/images\/emoji.php\/v9\/tef\/2\/16\/1f525.png\">! <img loading=\"lazy\" decoding=\"async\" height=\"16\" width=\"16\" alt=\"\ud83e\udd1d\" src=\"https:\/\/static.xx.fbcdn.net\/images\/emoji.php\/v9\/t3\/2\/16\/1f91d.png\"><img loading=\"lazy\" decoding=\"async\" height=\"16\" width=\"16\" alt=\"\ud83d\udd25\" src=\"https:\/\/static.xx.fbcdn.net\/images\/emoji.php\/v9\/tef\/2\/16\/1f525.png\"><\/p>\n\n\n\n<p>\u00c0 partir de la saison prochaine, notre club sera \u00e9quip\u00e9 par la marque Hummel , alliant qualit\u00e9, performance et style sur et en dehors du terrain. <img loading=\"lazy\" decoding=\"async\" height=\"16\" width=\"16\" alt=\"\ud83d\udcaa\" src=\"https:\/\/static.xx.fbcdn.net\/images\/emoji.php\/v9\/tb\/2\/16\/1f4aa.png\"><img loading=\"lazy\" decoding=\"async\" height=\"16\" width=\"16\" alt=\"\ud83d\udc55\" src=\"https:\/\/static.xx.fbcdn.net\/images\/emoji.php\/v9\/t8b\/2\/16\/1f455.png\"><\/p>\n<\/div><\/div>\n\n\n\n<p>Un grand merci \u00e0 Team Sport 2000 pour sa confiance et son engagement \u00e0 nos c\u00f4t\u00e9s <img loading=\"lazy\" decoding=\"async\" height=\"16\" width=\"16\" src=\"https:\/\/static.xx.fbcdn.net\/images\/emoji.php\/v9\/tf8\/2\/16\/203c.png\" alt=\"\u203c\"><\/p>\n\n\n\n<p>Merci corentin pour ta collaboration <img loading=\"lazy\" decoding=\"async\" height=\"16\" width=\"16\" alt=\"\ud83d\ude4f\" src=\"https:\/\/static.xx.fbcdn.net\/images\/emoji.php\/v9\/t1f\/2\/16\/1f64f.png\"><\/p>\n\n\n\n<p>Merci Alex et bravo pour ton dynamisme dans ce projet <img loading=\"lazy\" decoding=\"async\" height=\"16\" width=\"16\" alt=\"\u2764\" src=\"https:\/\/static.xx.fbcdn.net\/images\/emoji.php\/v9\/ted\/2\/16\/2764.png\"><img loading=\"lazy\" decoding=\"async\" height=\"16\" width=\"16\" alt=\"\ud83e\udd0d\" src=\"https:\/\/static.xx.fbcdn.net\/images\/emoji.php\/v9\/t64\/2\/16\/1f90d.png\"><img loading=\"lazy\" decoding=\"async\" height=\"16\" width=\"16\" alt=\"\ud83d\udcaa\" src=\"https:\/\/static.xx.fbcdn.net\/images\/emoji.php\/v9\/tb\/2\/16\/1f4aa.png\"><\/p>\n\n\n\n<p>Restez connect\u00e9s pour d\u00e9couvrir bient\u00f4t nos nouvelles tenues ! <img loading=\"lazy\" decoding=\"async\" height=\"16\" width=\"16\" src=\"https:\/\/static.xx.fbcdn.net\/images\/emoji.php\/v9\/t67\/2\/16\/1f440.png\" alt=\"\ud83d\udc40\"><img loading=\"lazy\" decoding=\"async\" height=\"16\" width=\"16\" src=\"https:\/\/static.xx.fbcdn.net\/images\/emoji.php\/v9\/t7e\/2\/16\/1f51c.png\" alt=\"\ud83d\udd1c\"><\/p>\n\n\n\n<h2 class=\"wp-block-heading has-large-font-size\">FUTNET<img loading=\"lazy\" decoding=\"async\" height=\"16\" width=\"16\" src=\"https:\/\/static.xx.fbcdn.net\/images\/emoji.php\/v9\/te\/2\/16\/26aa.png\" alt=\"\u26aa\"><\/h2>\n\n\n\n<div class=\"wp-block-media-text is-stacked-on-mobile\"><figure class=\"wp-block-media-text__media\"><img loading=\"lazy\" decoding=\"async\" width=\"546\" height=\"682\" src=\"https:\/\/www.as-ugine.fr\/wp-content\/uploads\/2023\/03\/FutNetU20-270225Frontenex-546x682.jpg\" alt=\"\" class=\"wp-image-2461 size-full\" srcset=\"https:\/\/www.as-ugine.fr\/wp-content\/uploads\/2023\/03\/FutNetU20-270225Frontenex-546x682.jpg 546w, https:\/\/www.as-ugine.fr\/wp-content\/uploads\/2023\/03\/FutNetU20-270225Frontenex-160x200.jpg 160w, https:\/\/www.as-ugine.fr\/wp-content\/uploads\/2023\/03\/FutNetU20-270225Frontenex-120x150.jpg 120w, https:\/\/www.as-ugine.fr\/wp-content\/uploads\/2023\/03\/FutNetU20-270225Frontenex-48x60.jpg 48w, https:\/\/www.as-ugine.fr\/wp-content\/uploads\/2023\/03\/FutNetU20-270225Frontenex.jpg 768w\" sizes=\"auto, (max-width: 546px) 100vw, 546px\" \/><\/figure><div class=\"wp-block-media-text__content\">\n<p>La FFF veut d\u00e9velopper les activit\u00e9s transverses li\u00e9es au football.<\/p>\n\n\n\n<p>Le futnet (tennis ballon) en est une illustration.<\/p>\n\n\n\n<p>Le <a href=\"https:\/\/www.facebook.com\/profile.php?id=100063764844946&amp;__cft__[0]=AZU0lvdhOx4Zejrc5eYw6hn2tgUH1AcNrsW2x6pNEyHy60EdssXCo8IRsRU0YLMxFhdacnJLXq3vV1vnhWRQVqPOePfvtMEiMR0ZojvQHy-ukZav0Q1AryaGf21j8BycGkS5FuYEniRa15YIPzUJNekXoVZQcz-ehK4rvuNfq4mmCe8wKTsNCRdLy4mIMTwwdWY&amp;__tn__=-]K-R\">District de Savoie de Football<\/a> a organis\u00e9 une finale d\u00e9partementale au gymnase de Frontenex, ce jeudi 27\/02.<\/p>\n\n\n\n<p>Nos U20 \u00e9taient de la partie.<\/p>\n\n\n\n<p>Les <a><\/a>2 meilleurs seront qualifi\u00e9s pour une repr\u00e9sentation de la Savoie au niveau r\u00e9gional.<\/p>\n<\/div><\/div>\n\n\n\n<p><\/p>\n\n\n\n<h2 class=\"wp-block-heading\">Projet Sportif U20<\/h2>\n\n\n\n<div class=\"wp-block-columns alignfull is-layout-flex wp-container-core-columns-is-layout-9d6595d7 wp-block-columns-is-layout-flex\">\n<div class=\"wp-block-column is-layout-flow wp-block-column-is-layout-flow\" style=\"flex-basis:50%\"><div class=\"wp-block-image\">\n<figure class=\"alignright is-resized\"><img loading=\"lazy\" decoding=\"async\" width=\"1024\" height=\"534\" src=\"https:\/\/www.as-ugine.fr\/wp-content\/uploads\/2024\/06\/ProjetSportifU20-1024x534.jpg\" alt=\"\" class=\"wp-image-1976\" style=\"aspect-ratio:1.9176252169350607;width:588px;height:auto\" srcset=\"https:\/\/www.as-ugine.fr\/wp-content\/uploads\/2024\/06\/ProjetSportifU20-1024x534.jpg 1024w, https:\/\/www.as-ugine.fr\/wp-content\/uploads\/2024\/06\/ProjetSportifU20-300x156.jpg 300w, https:\/\/www.as-ugine.fr\/wp-content\/uploads\/2024\/06\/ProjetSportifU20-150x78.jpg 150w, https:\/\/www.as-ugine.fr\/wp-content\/uploads\/2024\/06\/ProjetSportifU20-768x400.jpg 768w, https:\/\/www.as-ugine.fr\/wp-content\/uploads\/2024\/06\/ProjetSportifU20-1536x801.jpg 1536w, https:\/\/www.as-ugine.fr\/wp-content\/uploads\/2024\/06\/ProjetSportifU20-115x60.jpg 115w, https:\/\/www.as-ugine.fr\/wp-content\/uploads\/2024\/06\/ProjetSportifU20.jpg 1920w\" sizes=\"auto, (max-width: 1024px) 100vw, 1024px\" \/><\/figure>\n<\/div><\/div>\n\n\n\n<div class=\"wp-block-column is-vertically-aligned-top is-layout-flow wp-block-column-is-layout-flow\" style=\"flex-basis:50%\">\n<p><img loading=\"lazy\" decoding=\"async\" height=\"16\" width=\"16\" src=\"https:\/\/static.xx.fbcdn.net\/images\/emoji.php\/v9\/td\/2\/16\/1f534.png\" alt=\"\ud83d\udd34\"><img loading=\"lazy\" decoding=\"async\" height=\"16\" width=\"16\" src=\"https:\/\/static.xx.fbcdn.net\/images\/emoji.php\/v9\/te\/2\/16\/26aa.png\" alt=\"\u26aa\"> PROJET SPORTIF U20<\/p>\n\n\n\n<p><img loading=\"lazy\" decoding=\"async\" height=\"16\" width=\"16\" alt=\"\u27a1\" src=\"https:\/\/static.xx.fbcdn.net\/images\/emoji.php\/v9\/t1f\/2\/16\/27a1.png\"> Jeudi 30 mai, premi\u00e8re journ\u00e9e session ouverte dans le cadre du projet sportif U20<\/p>\n\n\n\n<p><img loading=\"lazy\" decoding=\"async\" height=\"16\" width=\"16\" alt=\"\ud83d\udcaf\" src=\"https:\/\/static.xx.fbcdn.net\/images\/emoji.php\/v9\/t90\/2\/16\/1f4af.png\"> top r\u00e9ussite <img loading=\"lazy\" decoding=\"async\" height=\"16\" width=\"16\" alt=\"\ud83d\udc4d\" src=\"https:\/\/static.xx.fbcdn.net\/images\/emoji.php\/v9\/t9b\/2\/16\/1f44d.png\"><\/p>\n\n\n\n<p>22 Joueurs \u00e9taient pr\u00e9sents<\/p>\n\n\n\n<p>Le projet est en bonne voie <img loading=\"lazy\" decoding=\"async\" height=\"16\" width=\"16\" src=\"https:\/\/static.xx.fbcdn.net\/images\/emoji.php\/v9\/t90\/2\/16\/1f4af.png\" alt=\"\ud83d\udcaf\"><img loading=\"lazy\" decoding=\"async\" height=\"16\" width=\"16\" src=\"https:\/\/static.xx.fbcdn.net\/images\/emoji.php\/v9\/td\/2\/16\/1f534.png\" alt=\"\ud83d\udd34\"><img loading=\"lazy\" decoding=\"async\" height=\"16\" width=\"16\" src=\"https:\/\/static.xx.fbcdn.net\/images\/emoji.php\/v9\/te\/2\/16\/26aa.png\" alt=\"\u26aa\ufe0f\"><\/p>\n\n\n\n<p><img loading=\"lazy\" decoding=\"async\" height=\"16\" width=\"16\" src=\"https:\/\/static.xx.fbcdn.net\/images\/emoji.php\/v9\/t1f\/2\/16\/27a1.png\" alt=\"\u27a1\ufe0f\"> Entretiens individuels \u00e0 la suite des tests<\/p>\n\n\n\n<p class=\"has-text-align-left\"><img loading=\"lazy\" decoding=\"async\" height=\"16\" width=\"16\" src=\"https:\/\/static.xx.fbcdn.net\/images\/emoji.php\/v9\/td\/2\/16\/1f534.png\" alt=\"\ud83d\udd34\"><img loading=\"lazy\" decoding=\"async\" height=\"16\" width=\"16\" src=\"https:\/\/static.xx.fbcdn.net\/images\/emoji.php\/v9\/te\/2\/16\/26aa.png\" alt=\"\u26aa\ufe0f\"><img loading=\"lazy\" decoding=\"async\" height=\"16\" width=\"16\" src=\"https:\/\/static.xx.fbcdn.net\/images\/emoji.php\/v9\/tb\/2\/16\/1f4aa.png\" alt=\"\ud83d\udcaa\"> Rejoins-nous et pr\u00e9pare-toi \u00e0 la comp\u00e9t<\/p>\n\n\n\n<p class=\"has-text-align-left\">Contact <img loading=\"lazy\" decoding=\"async\" height=\"16\" width=\"16\" alt=\"\u260e\ufe0f\" src=\"https:\/\/static.xx.fbcdn.net\/images\/emoji.php\/v9\/ta3\/2\/16\/260e.png\"><\/p>\n\n\n\n<p>Flo Soltermann 06 15 46 85 86<\/p>\n<\/div>\n<\/div>\n\n\n\n<h2 class=\"wp-block-heading has-vivid-red-color has-text-color\" id=\"matinee\">Matin\u00e9e 100% f\u00e9minines<\/h2>\n\n\n\n<div class=\"wp-block-group alignwide\"><div class=\"wp-block-group__inner-container is-layout-constrained wp-block-group-is-layout-constrained\">\n<div class=\"wp-block-media-text is-stacked-on-mobile is-vertically-aligned-center\" style=\"grid-template-columns:60% auto\"><figure class=\"wp-block-media-text__media\"><img loading=\"lazy\" decoding=\"async\" width=\"731\" height=\"349\" src=\"https:\/\/www.as-ugine.fr\/wp-content\/uploads\/2025\/05\/MatineeFeminines.jpg\" alt=\"matin\u00e9e 100% f\u00e9minines - as ugine football\" class=\"wp-image-2504 size-full\" srcset=\"https:\/\/www.as-ugine.fr\/wp-content\/uploads\/2025\/05\/MatineeFeminines.jpg 731w, https:\/\/www.as-ugine.fr\/wp-content\/uploads\/2025\/05\/MatineeFeminines-300x143.jpg 300w, https:\/\/www.as-ugine.fr\/wp-content\/uploads\/2025\/05\/MatineeFeminines-150x72.jpg 150w, https:\/\/www.as-ugine.fr\/wp-content\/uploads\/2025\/05\/MatineeFeminines-126x60.jpg 126w\" sizes=\"auto, (max-width: 731px) 100vw, 731px\" \/><\/figure><div class=\"wp-block-media-text__content\">\n<p><img loading=\"lazy\" decoding=\"async\" height=\"16\" width=\"16\" alt=\"\ud83d\udd34\" src=\"https:\/\/static.xx.fbcdn.net\/images\/emoji.php\/v9\/td\/2\/16\/1f534.png\"><img loading=\"lazy\" decoding=\"async\" height=\"16\" width=\"16\" alt=\"\u26aa\" src=\"https:\/\/static.xx.fbcdn.net\/images\/emoji.php\/v9\/te\/2\/16\/26aa.png\"> Matin\u00e9e 100% F\u00c9MININE <img loading=\"lazy\" decoding=\"async\" height=\"16\" width=\"16\" alt=\"\u26aa\" src=\"https:\/\/static.xx.fbcdn.net\/images\/emoji.php\/v9\/te\/2\/16\/26aa.png\"><img loading=\"lazy\" decoding=\"async\" height=\"16\" width=\"16\" alt=\"\ud83d\udd34\" src=\"https:\/\/static.xx.fbcdn.net\/images\/emoji.php\/v9\/td\/2\/16\/1f534.png\"><\/p>\n\n\n\n<p><img loading=\"lazy\" decoding=\"async\" height=\"16\" width=\"16\" src=\"https:\/\/static.xx.fbcdn.net\/images\/emoji.php\/v9\/t90\/2\/16\/1f537.png\" alt=\"\ud83d\udd37\"> Cette Matin\u00e9e 100% f\u00e9minine 2025 fut encore un succ\u00e8s.<\/p>\n\n\n\n<p>un grand merci \u00e0 Cathy coiffure pour les maillots offerts.<img loading=\"lazy\" decoding=\"async\" height=\"16\" width=\"16\" src=\"https:\/\/static.xx.fbcdn.net\/images\/emoji.php\/v9\/t1f\/2\/16\/1f64f.png\" alt=\"\ud83d\ude4f\"><\/p>\n\n\n\n<p><img loading=\"lazy\" decoding=\"async\" height=\"16\" width=\"16\" src=\"https:\/\/static.xx.fbcdn.net\/images\/emoji.php\/v9\/td\/2\/16\/1f534.png\" alt=\"\ud83d\udd34\"><img loading=\"lazy\" decoding=\"async\" height=\"16\" width=\"16\" src=\"https:\/\/static.xx.fbcdn.net\/images\/emoji.php\/v9\/te\/2\/16\/26aa.png\" alt=\"\u26aa\"> 14 jeunes filles hors club ont pass\u00e9 un excellent moment ensemble.<\/p>\n\n\n\n<p>Beaucoup de bons retours et quelques souhaits d&rsquo;inscription pour la saison prochaine.<\/p>\n<\/div><\/div>\n<\/div><\/div>\n\n\n\n<div class=\"wp-block-group alignwide\"><div class=\"wp-block-group__inner-container is-layout-constrained wp-block-group-is-layout-constrained\">\n<div class=\"wp-block-media-text is-stacked-on-mobile\" style=\"grid-template-columns:60% auto\"><figure class=\"wp-block-media-text__media\"><img loading=\"lazy\" decoding=\"async\" width=\"768\" height=\"960\" src=\"https:\/\/www.as-ugine.fr\/wp-content\/uploads\/2023\/04\/MatineeFeminines4.jpg\" alt=\"\" class=\"wp-image-1528 size-full\" srcset=\"https:\/\/www.as-ugine.fr\/wp-content\/uploads\/2023\/04\/MatineeFeminines4.jpg 768w, https:\/\/www.as-ugine.fr\/wp-content\/uploads\/2023\/04\/MatineeFeminines4-160x200.jpg 160w, https:\/\/www.as-ugine.fr\/wp-content\/uploads\/2023\/04\/MatineeFeminines4-546x682.jpg 546w, https:\/\/www.as-ugine.fr\/wp-content\/uploads\/2023\/04\/MatineeFeminines4-120x150.jpg 120w, https:\/\/www.as-ugine.fr\/wp-content\/uploads\/2023\/04\/MatineeFeminines4-48x60.jpg 48w\" sizes=\"auto, (max-width: 768px) 100vw, 768px\" \/><\/figure><div class=\"wp-block-media-text__content\">\n<p class=\"has-medium-font-size\">Cette d\u00e9marche est en coordination parfaite avec la philosophie du club. c&rsquo;est \u00e0 dire que le football ne doit pas \u00eatre une exclusivit\u00e9 masculine, que ce soit dans la cour de l&rsquo;\u00e9cole comme au sein d&rsquo;un club. La pratique d&rsquo;un sport, quel qu&rsquo;il soit, doit \u00eatre ouvert \u00e0 tous et \u00e0 toutes. c&rsquo;est ce que promeut l&rsquo;AS Ugine depuis des ann\u00e9es.<\/p>\n\n\n\n<p class=\"has-medium-font-size\">Cette journ\u00e9e a \u00e9t\u00e9 l&rsquo;occasion de mettre en avant cette d\u00e9marche avec quelques souhaits d&rsquo;inscription pour l&rsquo;ann\u00e9e prochaine.<\/p>\n<\/div><\/div>\n<\/div><\/div>\n\n\n\n<div class=\"wp-block-media-text alignwide has-media-on-the-right is-stacked-on-mobile\" style=\"grid-template-columns:auto 60%\"><div class=\"wp-block-media-text__content\">\n<p class=\"has-medium-font-size\">Cette matin\u00e9e \u00e9tait organis\u00e9e dans le cadre d&rsquo;une action au niveau national \u00ab\u00a0toutes foot\u00a0\u00bb pour la promotion du foot f\u00e9minin. l&rsquo;objectif est de promouvoir la repr\u00e9sentation f\u00e9minine \u00e0 tous les niveaux que ce soit sur un terrain de foot ou dans l&rsquo;encadrement du club. <\/p>\n<\/div><figure class=\"wp-block-media-text__media\"><img loading=\"lazy\" decoding=\"async\" width=\"909\" height=\"682\" src=\"https:\/\/www.as-ugine.fr\/wp-content\/uploads\/2023\/04\/MatineeFeminines3-909x682.jpg\" alt=\"\" class=\"wp-image-1523 size-full\" srcset=\"https:\/\/www.as-ugine.fr\/wp-content\/uploads\/2023\/04\/MatineeFeminines3-909x682.jpg 909w, https:\/\/www.as-ugine.fr\/wp-content\/uploads\/2023\/04\/MatineeFeminines3-267x200.jpg 267w, https:\/\/www.as-ugine.fr\/wp-content\/uploads\/2023\/04\/MatineeFeminines3-150x113.jpg 150w, https:\/\/www.as-ugine.fr\/wp-content\/uploads\/2023\/04\/MatineeFeminines3-768x576.jpg 768w, https:\/\/www.as-ugine.fr\/wp-content\/uploads\/2023\/04\/MatineeFeminines3-80x60.jpg 80w, https:\/\/www.as-ugine.fr\/wp-content\/uploads\/2023\/04\/MatineeFeminines3.jpg 960w\" sizes=\"auto, (max-width: 909px) 100vw, 909px\" \/><\/figure><\/div>\n\n\n\n<figure class=\"wp-block-embed is-type-video is-provider-youtube wp-block-embed-youtube wp-embed-aspect-16-9 wp-has-aspect-ratio\"><div class=\"wp-block-embed__wrapper\">\nhttps:\/\/youtu.be\/SF7SGXrOSzE\n<\/div><\/figure>\n\n\n\n<h2 class=\"wp-block-heading has-vivid-red-color has-text-color has-link-color wp-elements-f6cb356924d57190d7bdf329b280eea1\">Collecte solidaire<\/h2>\n\n\n\n<div class=\"wp-block-media-text alignwide is-stacked-on-mobile\" style=\"grid-template-columns:70% auto\"><figure class=\"wp-block-media-text__media\"><img loading=\"lazy\" decoding=\"async\" width=\"682\" height=\"682\" src=\"https:\/\/www.as-ugine.fr\/wp-content\/uploads\/2023\/03\/U11CollecteMateriels-682x682.jpeg\" alt=\"U11CollecteMate\u0301riels et v\u00eatements - france mission\" class=\"wp-image-1933 size-full\" srcset=\"https:\/\/www.as-ugine.fr\/wp-content\/uploads\/2023\/03\/U11CollecteMateriels-682x682.jpeg 682w, https:\/\/www.as-ugine.fr\/wp-content\/uploads\/2023\/03\/U11CollecteMateriels-200x200.jpeg 200w, https:\/\/www.as-ugine.fr\/wp-content\/uploads\/2023\/03\/U11CollecteMateriels-150x150.jpeg 150w, https:\/\/www.as-ugine.fr\/wp-content\/uploads\/2023\/03\/U11CollecteMateriels-768x768.jpeg 768w, https:\/\/www.as-ugine.fr\/wp-content\/uploads\/2023\/03\/U11CollecteMateriels-60x60.jpeg 60w, https:\/\/www.as-ugine.fr\/wp-content\/uploads\/2023\/03\/U11CollecteMateriels.jpeg 1080w\" sizes=\"auto, (max-width: 682px) 100vw, 682px\" \/><\/figure><div class=\"wp-block-media-text__content\">\n<p>Ce lundi 12 f\u00e9vrier 2024, l&rsquo;association Football Mission est venue r\u00e9cup\u00e9rer les v\u00eatements et mat\u00e9riels collect\u00e9s par nos jeunes U11.<\/p>\n\n\n\n<p>Nos amis de Saint Pierre Sports Football ont \u00e9galement contribu\u00e9 \u00e0 cette action solidaire.<\/p>\n<\/div><\/div>\n\n\n\n<div class=\"wp-block-media-text alignwide has-media-on-the-right is-stacked-on-mobile\" style=\"grid-template-columns:auto 60%\"><div class=\"wp-block-media-text__content\">\n<p>L&rsquo;objectif de l&rsquo;association football mission est d&rsquo;aider les populations des villages du Maroc, du S\u00e9n\u00e9gal et de la c\u00f4te d&rsquo;ivoire \u00e0 cr\u00e9er des structures sportives et \u00e9ducatives autour du football <img loading=\"lazy\" decoding=\"async\" height=\"16\" width=\"16\" src=\"https:\/\/static.xx.fbcdn.net\/images\/emoji.php\/v9\/t30\/2\/16\/26bd.png\" alt=\"\u26bd\"> et ainsi favoriser le maintien des jeunes dans leur village.<\/p>\n<\/div><figure class=\"wp-block-media-text__media\"><img loading=\"lazy\" decoding=\"async\" width=\"960\" height=\"540\" src=\"https:\/\/www.as-ugine.fr\/wp-content\/uploads\/2024\/03\/424613764_894053646061795_8939575120903423100_n.jpg\" alt=\"\" class=\"wp-image-1934 size-full\" srcset=\"https:\/\/www.as-ugine.fr\/wp-content\/uploads\/2024\/03\/424613764_894053646061795_8939575120903423100_n.jpg 960w, https:\/\/www.as-ugine.fr\/wp-content\/uploads\/2024\/03\/424613764_894053646061795_8939575120903423100_n-300x169.jpg 300w, https:\/\/www.as-ugine.fr\/wp-content\/uploads\/2024\/03\/424613764_894053646061795_8939575120903423100_n-150x84.jpg 150w, https:\/\/www.as-ugine.fr\/wp-content\/uploads\/2024\/03\/424613764_894053646061795_8939575120903423100_n-768x432.jpg 768w, https:\/\/www.as-ugine.fr\/wp-content\/uploads\/2024\/03\/424613764_894053646061795_8939575120903423100_n-107x60.jpg 107w, https:\/\/www.as-ugine.fr\/wp-content\/uploads\/2024\/03\/424613764_894053646061795_8939575120903423100_n-840x473.jpg 840w\" sizes=\"auto, (max-width: 960px) 100vw, 960px\" \/><\/figure><\/div>\n\n\n\n<div class=\"wp-block-media-text alignwide is-stacked-on-mobile\" style=\"grid-template-columns:60% auto\"><figure class=\"wp-block-media-text__media\"><img loading=\"lazy\" decoding=\"async\" width=\"909\" height=\"682\" src=\"https:\/\/www.as-ugine.fr\/wp-content\/uploads\/2024\/03\/424605327_894053596061800_5271275600344325365_n-909x682.jpg\" alt=\"\" class=\"wp-image-1935 size-full\" srcset=\"https:\/\/www.as-ugine.fr\/wp-content\/uploads\/2024\/03\/424605327_894053596061800_5271275600344325365_n-909x682.jpg 909w, https:\/\/www.as-ugine.fr\/wp-content\/uploads\/2024\/03\/424605327_894053596061800_5271275600344325365_n-267x200.jpg 267w, https:\/\/www.as-ugine.fr\/wp-content\/uploads\/2024\/03\/424605327_894053596061800_5271275600344325365_n-150x113.jpg 150w, https:\/\/www.as-ugine.fr\/wp-content\/uploads\/2024\/03\/424605327_894053596061800_5271275600344325365_n-768x576.jpg 768w, https:\/\/www.as-ugine.fr\/wp-content\/uploads\/2024\/03\/424605327_894053596061800_5271275600344325365_n-80x60.jpg 80w, https:\/\/www.as-ugine.fr\/wp-content\/uploads\/2024\/03\/424605327_894053596061800_5271275600344325365_n.jpg 960w\" sizes=\"auto, (max-width: 909px) 100vw, 909px\" \/><\/figure><div class=\"wp-block-media-text__content\">\n<p>Merci \u00e0 Julien Coron qui a initi\u00e9 et men\u00e9 \u00e0 bout cette action <img loading=\"lazy\" decoding=\"async\" height=\"16\" width=\"16\" alt=\"\ud83d\udc4f\ud83c\udffc\" src=\"https:\/\/static.xx.fbcdn.net\/images\/emoji.php\/v9\/td9\/2\/16\/1f44f_1f3fc.png\"><img loading=\"lazy\" decoding=\"async\" height=\"16\" width=\"16\" alt=\"\ud83d\udc4f\ud83c\udffc\" src=\"https:\/\/static.xx.fbcdn.net\/images\/emoji.php\/v9\/td9\/2\/16\/1f44f_1f3fc.png\"><img loading=\"lazy\" decoding=\"async\" height=\"16\" width=\"16\" alt=\"\ud83d\udc4f\ud83c\udffc\" src=\"https:\/\/static.xx.fbcdn.net\/images\/emoji.php\/v9\/td9\/2\/16\/1f44f_1f3fc.png\"><\/p>\n\n\n\n<p>L&rsquo;AS Ugine entend bien p\u00e9renniser son implication dans ces actions solidaires et cr\u00e9er un dynamisme<img loading=\"lazy\" decoding=\"async\" height=\"16\" width=\"16\" alt=\"\u26a1\" src=\"https:\/\/static.xx.fbcdn.net\/images\/emoji.php\/v9\/tde\/2\/16\/26a1.png\">au sein du District de Savoie de Football.<\/p>\n\n\n\n<p>Merci \u00e0 tous les acteurs et donateurs pour votre implication <img loading=\"lazy\" decoding=\"async\" height=\"16\" width=\"16\" alt=\"\ud83d\ude4f\" src=\"https:\/\/static.xx.fbcdn.net\/images\/emoji.php\/v9\/t1f\/2\/16\/1f64f.png\"><\/p>\n<\/div><\/div>\n\n\n\n<p class=\"has-medium-font-size\"><\/p>\n\n\n\n<div style=\"height:30px\" aria-hidden=\"true\" class=\"wp-block-spacer\"><\/div>\n\n\n\n<h2 class=\"wp-block-heading has-vivid-red-color has-text-color\">PEF est de retour<\/h2>\n\n\n\n<hr class=\"wp-block-separator has-text-color has-vivid-red-color has-alpha-channel-opacity has-vivid-red-background-color has-background\"\/>\n\n\n\n<hr class=\"wp-block-separator has-alpha-channel-opacity\"\/>\n\n\n\n<h2 class=\"wp-block-heading\"><img loading=\"lazy\" decoding=\"async\" height=\"16\" width=\"16\" src=\"https:\/\/static.xx.fbcdn.net\/images\/emoji.php\/v9\/td\/2\/16\/1f534.png\" alt=\"\ud83d\udd34\"><img loading=\"lazy\" decoding=\"async\" height=\"16\" width=\"16\" src=\"https:\/\/static.xx.fbcdn.net\/images\/emoji.php\/v9\/te\/2\/16\/26aa.png\" alt=\"\u26aa\"> Le voyage de baby-PEF <img loading=\"lazy\" decoding=\"async\" height=\"16\" width=\"16\" src=\"https:\/\/static.xx.fbcdn.net\/images\/emoji.php\/v9\/te\/2\/16\/26aa.png\" alt=\"\u26aa\"><img loading=\"lazy\" decoding=\"async\" height=\"16\" width=\"16\" src=\"https:\/\/static.xx.fbcdn.net\/images\/emoji.php\/v9\/td\/2\/16\/1f534.png\" alt=\"\ud83d\udd34\"><\/h2>\n\n\n\n<div class=\"wp-block-media-text alignwide has-media-on-the-right is-stacked-on-mobile\" style=\"grid-template-columns:auto 47%\"><div class=\"wp-block-media-text__content\">\n<p class=\"has-medium-font-size\">La semaine derni\u00e8re, baby PEF etait chez Djibril.<br>Au programme, jeu, sport et balade.<br>Et quand on utilise la voiture&nbsp;<img loading=\"lazy\" decoding=\"async\" height=\"16\" width=\"16\" alt=\"\ud83d\ude97\" src=\"https:\/\/static.xx.fbcdn.net\/images\/emoji.php\/v9\/t8b\/2\/16\/1f697.png\">on met toujours la ceinture de s\u00e9curit\u00e9 !&nbsp;<img loading=\"lazy\" decoding=\"async\" height=\"16\" width=\"16\" alt=\"\ud83d\udc4d\" src=\"https:\/\/static.xx.fbcdn.net\/images\/emoji.php\/v9\/t9b\/2\/16\/1f44d.png\"><img loading=\"lazy\" decoding=\"async\" height=\"16\" width=\"16\" alt=\"\ud83d\udc4d\" src=\"https:\/\/static.xx.fbcdn.net\/images\/emoji.php\/v9\/t9b\/2\/16\/1f44d.png\"><\/p>\n<\/div><figure class=\"wp-block-media-text__media\"><img loading=\"lazy\" decoding=\"async\" width=\"546\" height=\"682\" src=\"https:\/\/www.as-ugine.fr\/wp-content\/uploads\/2023\/05\/djibrillPEF-546x682.jpg\" alt=\"\" class=\"wp-image-1571 size-full\" srcset=\"https:\/\/www.as-ugine.fr\/wp-content\/uploads\/2023\/05\/djibrillPEF-546x682.jpg 546w, https:\/\/www.as-ugine.fr\/wp-content\/uploads\/2023\/05\/djibrillPEF-160x200.jpg 160w, https:\/\/www.as-ugine.fr\/wp-content\/uploads\/2023\/05\/djibrillPEF-120x150.jpg 120w, https:\/\/www.as-ugine.fr\/wp-content\/uploads\/2023\/05\/djibrillPEF-48x60.jpg 48w, https:\/\/www.as-ugine.fr\/wp-content\/uploads\/2023\/05\/djibrillPEF.jpg 768w\" sizes=\"auto, (max-width: 546px) 100vw, 546px\" \/><\/figure><\/div>\n\n\n\n<div class=\"wp-block-media-text alignwide is-stacked-on-mobile\"><figure class=\"wp-block-media-text__media\"><img loading=\"lazy\" decoding=\"async\" width=\"512\" height=\"682\" src=\"https:\/\/www.as-ugine.fr\/wp-content\/uploads\/2023\/05\/SachaPEF-512x682.jpg\" alt=\"\" class=\"wp-image-1574 size-full\" srcset=\"https:\/\/www.as-ugine.fr\/wp-content\/uploads\/2023\/05\/SachaPEF-512x682.jpg 512w, https:\/\/www.as-ugine.fr\/wp-content\/uploads\/2023\/05\/SachaPEF-150x200.jpg 150w, https:\/\/www.as-ugine.fr\/wp-content\/uploads\/2023\/05\/SachaPEF-113x150.jpg 113w, https:\/\/www.as-ugine.fr\/wp-content\/uploads\/2023\/05\/SachaPEF-768x1024.jpg 768w, https:\/\/www.as-ugine.fr\/wp-content\/uploads\/2023\/05\/SachaPEF-45x60.jpg 45w, https:\/\/www.as-ugine.fr\/wp-content\/uploads\/2023\/05\/SachaPEF.jpg 1080w\" sizes=\"auto, (max-width: 512px) 100vw, 512px\" \/><\/figure><div class=\"wp-block-media-text__content\">\n<p class=\"has-text-align-left has-medium-font-size\">Semaine surcharg\u00e9e pour baby-PEF chez Sacha !<br>Les vacances ne sont pas de tout repos pour notre b\u00e9b\u00e9 marmotte qui sort tout juste d&rsquo;hibernation !<br>Au programme, vider le lave vaisselle , v\u00e9lo&nbsp;<img loading=\"lazy\" decoding=\"async\" height=\"16\" width=\"16\" alt=\"\ud83d\udeb4\" src=\"https:\/\/static.xx.fbcdn.net\/images\/emoji.php\/v9\/t7f\/2\/16\/1f6b4.png\">&nbsp;(avec le casque bien s\u00fbr), encourager Annecy FC en coupe de France&nbsp;<img loading=\"lazy\" decoding=\"async\" height=\"16\" width=\"16\" alt=\"\ud83c\udfc6\" src=\"https:\/\/static.xx.fbcdn.net\/images\/emoji.php\/v9\/t5d\/2\/16\/1f3c6.png\">&nbsp;(et quelques autres matchs de foot&nbsp;<img loading=\"lazy\" decoding=\"async\" height=\"16\" width=\"16\" alt=\"\u26bd\" src=\"https:\/\/static.xx.fbcdn.net\/images\/emoji.php\/v9\/t30\/2\/16\/26bd.png\">&nbsp;par la m\u00eame occasion ! )<br>Et bien s\u00fbr la chasse aux \u0153ufs !&nbsp;<img loading=\"lazy\" decoding=\"async\" height=\"16\" width=\"16\" alt=\"\ud83e\udd5a\" src=\"https:\/\/static.xx.fbcdn.net\/images\/emoji.php\/v9\/tfc\/2\/16\/1f95a.png\"><img loading=\"lazy\" decoding=\"async\" height=\"16\" width=\"16\" alt=\"\ud83e\udd5a\" src=\"https:\/\/static.xx.fbcdn.net\/images\/emoji.php\/v9\/tfc\/2\/16\/1f95a.png\"><br>Tout \u00e7a m\u00e9ritait bien un peu de repos sur le canap\u00e9, car il ne faut pas n\u00e9gliger la r\u00e9cup\u00e9ration dans le programme de l&rsquo;hygi\u00e8ne du sportif !&nbsp;<img loading=\"lazy\" decoding=\"async\" height=\"16\" width=\"16\" alt=\"\ud83d\udc4d\" src=\"https:\/\/static.xx.fbcdn.net\/images\/emoji.php\/v9\/t9b\/2\/16\/1f44d.png\"><img loading=\"lazy\" decoding=\"async\" height=\"16\" width=\"16\" alt=\"\ud83d\udc4c\" src=\"https:\/\/static.xx.fbcdn.net\/images\/emoji.php\/v9\/t1a\/2\/16\/1f44c.png\"><img loading=\"lazy\" decoding=\"async\" height=\"16\" width=\"16\" alt=\"\ud83d\udcaa\" src=\"https:\/\/static.xx.fbcdn.net\/images\/emoji.php\/v9\/tb\/2\/16\/1f4aa.png\"><\/p>\n<\/div><\/div>\n\n\n\n<div class=\"wp-block-media-text alignwide has-media-on-the-right is-stacked-on-mobile\" style=\"grid-template-columns:auto 43%\"><div class=\"wp-block-media-text__content\">\n<p class=\"has-text-align-right has-medium-font-size\">Cette semaine Baby-PEF \u00e9tait chez lucas au programme rangement et nettoyage de la chambre.<\/p>\n\n\n\n<p class=\"has-text-align-right has-medium-font-size\"><a><\/a>Baby-PEF \u00e0 ador\u00e9 les jouets de lucas !<img loading=\"lazy\" decoding=\"async\" height=\"16\" width=\"16\" alt=\"\ud83d\ude00\" src=\"https:\/\/static.xx.fbcdn.net\/images\/emoji.php\/v9\/t6d\/2\/16\/1f600.png\"><\/p>\n<\/div><figure class=\"wp-block-media-text__media\"><img loading=\"lazy\" decoding=\"async\" width=\"512\" height=\"682\" src=\"https:\/\/www.as-ugine.fr\/wp-content\/uploads\/2023\/04\/BabyPEFLucas-512x682.jpg\" alt=\"\" class=\"wp-image-1485 size-full\" srcset=\"https:\/\/www.as-ugine.fr\/wp-content\/uploads\/2023\/04\/BabyPEFLucas-512x682.jpg 512w, https:\/\/www.as-ugine.fr\/wp-content\/uploads\/2023\/04\/BabyPEFLucas-150x200.jpg 150w, https:\/\/www.as-ugine.fr\/wp-content\/uploads\/2023\/04\/BabyPEFLucas-113x150.jpg 113w, https:\/\/www.as-ugine.fr\/wp-content\/uploads\/2023\/04\/BabyPEFLucas-768x1024.jpg 768w, https:\/\/www.as-ugine.fr\/wp-content\/uploads\/2023\/04\/BabyPEFLucas-45x60.jpg 45w, https:\/\/www.as-ugine.fr\/wp-content\/uploads\/2023\/04\/BabyPEFLucas.jpg 1080w\" sizes=\"auto, (max-width: 512px) 100vw, 512px\" \/><\/figure><\/div>\n\n\n\n<div class=\"wp-block-media-text alignwide is-stacked-on-mobile is-vertically-aligned-top\"><figure class=\"wp-block-media-text__media\"><img loading=\"lazy\" decoding=\"async\" width=\"909\" height=\"682\" src=\"https:\/\/www.as-ugine.fr\/wp-content\/uploads\/2023\/03\/PEF2903235-909x682.jpg\" alt=\"\" class=\"wp-image-1462 size-full\" srcset=\"https:\/\/www.as-ugine.fr\/wp-content\/uploads\/2023\/03\/PEF2903235-909x682.jpg 909w, https:\/\/www.as-ugine.fr\/wp-content\/uploads\/2023\/03\/PEF2903235-267x200.jpg 267w, https:\/\/www.as-ugine.fr\/wp-content\/uploads\/2023\/03\/PEF2903235-150x113.jpg 150w, https:\/\/www.as-ugine.fr\/wp-content\/uploads\/2023\/03\/PEF2903235-768x576.jpg 768w, https:\/\/www.as-ugine.fr\/wp-content\/uploads\/2023\/03\/PEF2903235-1536x1152.jpg 1536w, https:\/\/www.as-ugine.fr\/wp-content\/uploads\/2023\/03\/PEF2903235-80x60.jpg 80w, https:\/\/www.as-ugine.fr\/wp-content\/uploads\/2023\/03\/PEF2903235.jpg 1600w\" sizes=\"auto, (max-width: 909px) 100vw, 909px\" \/><\/figure><div class=\"wp-block-media-text__content\">\n<p class=\"has-large-font-size\">Programme Educatif F\u00e9d\u00e9ral<\/p>\n\n\n\n<p class=\"has-medium-font-size\">Ce matin, en d\u00e9but de s\u00e9ance, Mr PEF est venu nous rendre visite.<\/p>\n\n\n\n<p class=\"has-medium-font-size\">Il a <a><\/a>laiss\u00e9 son b\u00e9b\u00e9 pour que chaque enfant puisse le garder chez lui durant une semaine et lui pr\u00e9senter sa famille, ses amis, sa chambre, jouets&#8230;<\/p>\n\n\n\n<p>B\u00e9b\u00e9 PEF adore aider les autres. <img loading=\"lazy\" decoding=\"async\" height=\"16\" width=\"16\" alt=\"\ud83d\udc6b\" src=\"https:\/\/static.xx.fbcdn.net\/images\/emoji.php\/v9\/td7\/2\/16\/1f46b.png\"><\/p>\n\n\n\n<p class=\"has-medium-font-size\">Chaque enfant se fait accompagner par b\u00e9b\u00e9 PEF pour r\u00e9aliser des t\u00e2ches quotidiennes et des bonnes actions (ranger sa chambre, trier les d\u00e9chets, faire son sac de foot&#8230;.)<\/p>\n\n\n\n<p class=\"has-medium-font-size\">La liste est longue <img loading=\"lazy\" decoding=\"async\" height=\"16\" width=\"16\" src=\"https:\/\/static.xx.fbcdn.net\/images\/emoji.php\/v9\/t6d\/2\/16\/1f600.png\" alt=\"\ud83d\ude00\"><\/p>\n\n\n\n<p class=\"has-medium-font-size\">Cette semaine, b\u00e9b\u00e9 PEF est chez Alexi :<\/p>\n\n\n\n<p class=\"has-medium-font-size\">Environnement : Le tri des d\u00e9chets<\/p>\n\n\n\n<p class=\"has-medium-font-size\">Culture foot : France-Irlande. <img loading=\"lazy\" decoding=\"async\" height=\"16\" width=\"16\" alt=\"\ud83c\uddeb\ud83c\uddf7\" src=\"https:\/\/static.xx.fbcdn.net\/images\/emoji.php\/v9\/td3\/2\/16\/1f1eb_1f1f7.png\"><img loading=\"lazy\" decoding=\"async\" height=\"16\" width=\"16\" alt=\"\ud83c\udde8\ud83c\uddee\" src=\"https:\/\/static.xx.fbcdn.net\/images\/emoji.php\/v9\/tb8\/2\/16\/1f1e8_1f1ee.png\"><\/p>\n\n\n\n<p class=\"has-medium-font-size\">Chaque semaine, b\u00e9b\u00e9 PEF changera de maison et nous enverra des photos de son voyage <img loading=\"lazy\" decoding=\"async\" height=\"16\" width=\"16\" alt=\"\ud83d\udcf8\" src=\"https:\/\/static.xx.fbcdn.net\/images\/emoji.php\/v9\/t7d\/2\/16\/1f4f8.png\"><\/p>\n<\/div><\/div>\n\n\n\n<figure class=\"wp-block-gallery alignfull has-nested-images columns-4 is-cropped wp-block-gallery-1 is-layout-flex wp-block-gallery-is-layout-flex\">\n<figure class=\"wp-block-image size-large\"><img loading=\"lazy\" decoding=\"async\" width=\"512\" height=\"682\" data-id=\"1465\" src=\"https:\/\/www.as-ugine.fr\/wp-content\/uploads\/2023\/03\/PEF2903232-1-512x682.jpg\" alt=\"\" class=\"wp-image-1465\" srcset=\"https:\/\/www.as-ugine.fr\/wp-content\/uploads\/2023\/03\/PEF2903232-1-512x682.jpg 512w, https:\/\/www.as-ugine.fr\/wp-content\/uploads\/2023\/03\/PEF2903232-1-150x200.jpg 150w, https:\/\/www.as-ugine.fr\/wp-content\/uploads\/2023\/03\/PEF2903232-1-113x150.jpg 113w, https:\/\/www.as-ugine.fr\/wp-content\/uploads\/2023\/03\/PEF2903232-1-768x1024.jpg 768w, https:\/\/www.as-ugine.fr\/wp-content\/uploads\/2023\/03\/PEF2903232-1-1152x1536.jpg 1152w, https:\/\/www.as-ugine.fr\/wp-content\/uploads\/2023\/03\/PEF2903232-1-45x60.jpg 45w, https:\/\/www.as-ugine.fr\/wp-content\/uploads\/2023\/03\/PEF2903232-1.jpg 1200w\" sizes=\"auto, (max-width: 512px) 100vw, 512px\" \/><\/figure>\n\n\n\n<figure class=\"wp-block-image size-large\"><img loading=\"lazy\" decoding=\"async\" width=\"512\" height=\"682\" data-id=\"1466\" src=\"https:\/\/www.as-ugine.fr\/wp-content\/uploads\/2023\/03\/PEF2903238-512x682.jpg\" alt=\"\" class=\"wp-image-1466\" srcset=\"https:\/\/www.as-ugine.fr\/wp-content\/uploads\/2023\/03\/PEF2903238-512x682.jpg 512w, https:\/\/www.as-ugine.fr\/wp-content\/uploads\/2023\/03\/PEF2903238-150x200.jpg 150w, https:\/\/www.as-ugine.fr\/wp-content\/uploads\/2023\/03\/PEF2903238-113x150.jpg 113w, https:\/\/www.as-ugine.fr\/wp-content\/uploads\/2023\/03\/PEF2903238-768x1024.jpg 768w, https:\/\/www.as-ugine.fr\/wp-content\/uploads\/2023\/03\/PEF2903238-45x60.jpg 45w, https:\/\/www.as-ugine.fr\/wp-content\/uploads\/2023\/03\/PEF2903238.jpg 1080w\" sizes=\"auto, (max-width: 512px) 100vw, 512px\" \/><\/figure>\n\n\n\n<figure class=\"wp-block-image size-large\"><img loading=\"lazy\" decoding=\"async\" width=\"512\" height=\"682\" data-id=\"1464\" src=\"https:\/\/www.as-ugine.fr\/wp-content\/uploads\/2023\/03\/PEF2903239-512x682.jpg\" alt=\"\" class=\"wp-image-1464\" srcset=\"https:\/\/www.as-ugine.fr\/wp-content\/uploads\/2023\/03\/PEF2903239-512x682.jpg 512w, https:\/\/www.as-ugine.fr\/wp-content\/uploads\/2023\/03\/PEF2903239-150x200.jpg 150w, https:\/\/www.as-ugine.fr\/wp-content\/uploads\/2023\/03\/PEF2903239-113x150.jpg 113w, https:\/\/www.as-ugine.fr\/wp-content\/uploads\/2023\/03\/PEF2903239-768x1024.jpg 768w, https:\/\/www.as-ugine.fr\/wp-content\/uploads\/2023\/03\/PEF2903239-45x60.jpg 45w, https:\/\/www.as-ugine.fr\/wp-content\/uploads\/2023\/03\/PEF2903239.jpg 1080w\" sizes=\"auto, (max-width: 512px) 100vw, 512px\" \/><\/figure>\n<\/figure>\n\n\n\n<figure class=\"wp-block-gallery has-nested-images columns-default is-cropped wp-block-gallery-2 is-layout-flex wp-block-gallery-is-layout-flex\"><figcaption class=\"blocks-gallery-caption wp-element-caption\">Nos champions<\/figcaption><\/figure>\n\n\n\n<h2 class=\"wp-block-heading has-vivid-red-color has-text-color\">S\u00e9ances de travail avec les Baby ballon et U7 sur 2 th\u00e9matiques du Programme Educatif F\u00e9d\u00e9ral<\/h2>\n\n\n\n<hr class=\"wp-block-separator has-text-color has-vivid-red-color has-alpha-channel-opacity has-vivid-red-background-color has-background\"\/>\n\n\n\n<div class=\"wp-block-media-text alignwide has-media-on-the-right is-stacked-on-mobile\"><div class=\"wp-block-media-text__content\">\n<p class=\"has-text-align-right has-medium-font-size\">Les 2 th\u00e8mes sont les suivants :<\/p>\n\n\n\n<p class=\"has-text-align-right has-medium-font-size\"><img loading=\"lazy\" decoding=\"async\" height=\"16\" width=\"16\" alt=\"\ud83c\udf92\" src=\"https:\/\/static.xx.fbcdn.net\/images\/emoji.php\/v9\/t43\/2\/16\/1f392.png\"><img loading=\"lazy\" decoding=\"async\" height=\"16\" width=\"16\" alt=\"\ud83d\udc5f\" src=\"https:\/\/static.xx.fbcdn.net\/images\/emoji.php\/v9\/t3c\/2\/16\/1f45f.png\">Faire son sac de football <img loading=\"lazy\" decoding=\"async\" height=\"16\" width=\"16\" alt=\"\u26bd\ufe0f\" src=\"https:\/\/static.xx.fbcdn.net\/images\/emoji.php\/v9\/t30\/2\/16\/26bd.png\"><img loading=\"lazy\" decoding=\"async\" height=\"16\" width=\"16\" alt=\"\u26bd\ufe0f\" src=\"https:\/\/static.xx.fbcdn.net\/images\/emoji.php\/v9\/t30\/2\/16\/26bd.png\"><img loading=\"lazy\" decoding=\"async\" height=\"16\" width=\"16\" alt=\"\u26bd\ufe0f\" src=\"https:\/\/static.xx.fbcdn.net\/images\/emoji.php\/v9\/t30\/2\/16\/26bd.png\"><\/p>\n\n\n\n<p class=\"has-text-align-right has-medium-font-size\"><img loading=\"lazy\" decoding=\"async\" height=\"16\" width=\"16\" alt=\"\ud83c\udf4a\" src=\"https:\/\/static.xx.fbcdn.net\/images\/emoji.php\/v9\/td7\/2\/16\/1f34a.png\"><img loading=\"lazy\" decoding=\"async\" height=\"16\" width=\"16\" alt=\"\ud83c\udf4c\" src=\"https:\/\/static.xx.fbcdn.net\/images\/emoji.php\/v9\/td9\/2\/16\/1f34c.png\">Hygi\u00e8ne et alimentation du sportif<\/p>\n\n\n\n<p class=\"has-text-align-right has-medium-font-size\">Les <a><\/a>r\u00e8gles \u00e9taient de retrouver parmi les images, les bons comportements du sportif en terme d&rsquo;alimentation et d&rsquo;hygi\u00e8ne et aussi reconna\u00eetre les affaires \u00e0 prendre pour jouer au football.<\/p>\n\n\n\n<p class=\"has-text-align-right has-medium-font-size\">Une correction collective \u00e0 \u00e9t\u00e9 apport\u00e9e par la suite avec des explications sur les choix faits.<\/p>\n<\/div><figure class=\"wp-block-media-text__media\"><img loading=\"lazy\" decoding=\"async\" width=\"909\" height=\"682\" src=\"https:\/\/www.as-ugine.fr\/wp-content\/uploads\/2023\/02\/IMG-20230201-WA0009-1-909x682.jpg\" alt=\"\" class=\"wp-image-965 size-full\" srcset=\"https:\/\/www.as-ugine.fr\/wp-content\/uploads\/2023\/02\/IMG-20230201-WA0009-1-909x682.jpg 909w, https:\/\/www.as-ugine.fr\/wp-content\/uploads\/2023\/02\/IMG-20230201-WA0009-1-267x200.jpg 267w, https:\/\/www.as-ugine.fr\/wp-content\/uploads\/2023\/02\/IMG-20230201-WA0009-1-150x113.jpg 150w, https:\/\/www.as-ugine.fr\/wp-content\/uploads\/2023\/02\/IMG-20230201-WA0009-1-768x576.jpg 768w, https:\/\/www.as-ugine.fr\/wp-content\/uploads\/2023\/02\/IMG-20230201-WA0009-1-120x90.jpg 120w, https:\/\/www.as-ugine.fr\/wp-content\/uploads\/2023\/02\/IMG-20230201-WA0009-1.jpg 1024w\" sizes=\"auto, (max-width: 909px) 100vw, 909px\" \/><\/figure><\/div>\n\n\n\n<div class=\"wp-block-media-text alignwide is-stacked-on-mobile\" style=\"grid-template-columns:49% auto\"><figure class=\"wp-block-media-text__media\"><img loading=\"lazy\" decoding=\"async\" width=\"512\" height=\"682\" src=\"https:\/\/www.as-ugine.fr\/wp-content\/uploads\/2023\/02\/IMG-20230201-WA0005-512x682.jpg\" alt=\"\" class=\"wp-image-960 size-full\" srcset=\"https:\/\/www.as-ugine.fr\/wp-content\/uploads\/2023\/02\/IMG-20230201-WA0005-512x682.jpg 512w, https:\/\/www.as-ugine.fr\/wp-content\/uploads\/2023\/02\/IMG-20230201-WA0005-150x200.jpg 150w, https:\/\/www.as-ugine.fr\/wp-content\/uploads\/2023\/02\/IMG-20230201-WA0005-113x150.jpg 113w, https:\/\/www.as-ugine.fr\/wp-content\/uploads\/2023\/02\/IMG-20230201-WA0005-768x1024.jpg 768w, https:\/\/www.as-ugine.fr\/wp-content\/uploads\/2023\/02\/IMG-20230201-WA0005-1152x1536.jpg 1152w, https:\/\/www.as-ugine.fr\/wp-content\/uploads\/2023\/02\/IMG-20230201-WA0005.jpg 1200w\" sizes=\"auto, (max-width: 512px) 100vw, 512px\" \/><\/figure><div class=\"wp-block-media-text__content\">\n<p class=\"has-medium-font-size\">Voici quelques photos des supports utilis\u00e9s et des moments o\u00f9 les enfants travaillaient.<\/p>\n\n\n\n<p class=\"has-medium-font-size\">Un tr\u00e8s bon moment de partage et d&rsquo;\u00e9change agr\u00e9able malgr\u00e9 l&rsquo;\u00e2ge des enfants (4ans).<\/p>\n\n\n\n<p class=\"has-medium-font-size\">Et les r\u00e9ponses donn\u00e9es sont dans le vrai !<\/p>\n\n\n\n<p class=\"has-medium-font-size\"><strong>F\u00e9licitations<\/strong> aux enfants pour les r\u00e9ponses. <img loading=\"lazy\" decoding=\"async\" height=\"16\" width=\"16\" alt=\"\ud83d\udc4d\" src=\"https:\/\/static.xx.fbcdn.net\/images\/emoji.php\/v9\/t9b\/2\/16\/1f44d.png\"><\/p>\n\n\n\n<p class=\"has-medium-font-size\">L&rsquo;apr\u00e8s-midi, ce fut au tour des U7 de travailler sur les m\u00eames th\u00e8mes.<\/p>\n\n\n\n<p class=\"has-medium-font-size\">Merci \u00e0 nos \u00e9ducateurs <img loading=\"lazy\" decoding=\"async\" height=\"16\" width=\"16\" src=\"https:\/\/static.xx.fbcdn.net\/images\/emoji.php\/v9\/t1f\/2\/16\/1f64f.png\" alt=\"\ud83d\ude4f\"><\/p>\n<\/div><\/div>\n\n\n\n<figure class=\"wp-block-gallery alignfull has-nested-images columns-default is-cropped wp-block-gallery-3 is-layout-flex wp-block-gallery-is-layout-flex\">\n<figure class=\"wp-block-image size-large\"><img loading=\"lazy\" decoding=\"async\" width=\"370\" height=\"682\" data-id=\"963\" src=\"https:\/\/www.as-ugine.fr\/wp-content\/uploads\/2023\/02\/IMG-20230201-WA0003-370x682.jpg\" alt=\"\" class=\"wp-image-963\" srcset=\"https:\/\/www.as-ugine.fr\/wp-content\/uploads\/2023\/02\/IMG-20230201-WA0003-370x682.jpg 370w, https:\/\/www.as-ugine.fr\/wp-content\/uploads\/2023\/02\/IMG-20230201-WA0003-109x200.jpg 109w, https:\/\/www.as-ugine.fr\/wp-content\/uploads\/2023\/02\/IMG-20230201-WA0003-81x150.jpg 81w, https:\/\/www.as-ugine.fr\/wp-content\/uploads\/2023\/02\/IMG-20230201-WA0003-768x1416.jpg 768w, https:\/\/www.as-ugine.fr\/wp-content\/uploads\/2023\/02\/IMG-20230201-WA0003-833x1536.jpg 833w, https:\/\/www.as-ugine.fr\/wp-content\/uploads\/2023\/02\/IMG-20230201-WA0003.jpg 868w\" sizes=\"auto, (max-width: 370px) 100vw, 370px\" \/><\/figure>\n\n\n\n<figure class=\"wp-block-image size-large\"><img loading=\"lazy\" decoding=\"async\" width=\"401\" height=\"682\" data-id=\"961\" src=\"https:\/\/www.as-ugine.fr\/wp-content\/uploads\/2023\/02\/IMG-20230201-WA0004-401x682.jpg\" alt=\"\" class=\"wp-image-961\" srcset=\"https:\/\/www.as-ugine.fr\/wp-content\/uploads\/2023\/02\/IMG-20230201-WA0004-401x682.jpg 401w, https:\/\/www.as-ugine.fr\/wp-content\/uploads\/2023\/02\/IMG-20230201-WA0004-118x200.jpg 118w, https:\/\/www.as-ugine.fr\/wp-content\/uploads\/2023\/02\/IMG-20230201-WA0004-88x150.jpg 88w, https:\/\/www.as-ugine.fr\/wp-content\/uploads\/2023\/02\/IMG-20230201-WA0004-768x1305.jpg 768w, https:\/\/www.as-ugine.fr\/wp-content\/uploads\/2023\/02\/IMG-20230201-WA0004.jpg 822w\" sizes=\"auto, (max-width: 401px) 100vw, 401px\" \/><\/figure>\n\n\n\n<figure class=\"wp-block-image size-large\"><img loading=\"lazy\" decoding=\"async\" width=\"909\" height=\"682\" data-id=\"964\" src=\"https:\/\/www.as-ugine.fr\/wp-content\/uploads\/2023\/02\/IMG-20230201-WA0008-909x682.jpg\" alt=\"\" class=\"wp-image-964\" srcset=\"https:\/\/www.as-ugine.fr\/wp-content\/uploads\/2023\/02\/IMG-20230201-WA0008-909x682.jpg 909w, https:\/\/www.as-ugine.fr\/wp-content\/uploads\/2023\/02\/IMG-20230201-WA0008-267x200.jpg 267w, https:\/\/www.as-ugine.fr\/wp-content\/uploads\/2023\/02\/IMG-20230201-WA0008-150x113.jpg 150w, https:\/\/www.as-ugine.fr\/wp-content\/uploads\/2023\/02\/IMG-20230201-WA0008-768x576.jpg 768w, https:\/\/www.as-ugine.fr\/wp-content\/uploads\/2023\/02\/IMG-20230201-WA0008-1536x1152.jpg 1536w, https:\/\/www.as-ugine.fr\/wp-content\/uploads\/2023\/02\/IMG-20230201-WA0008-120x90.jpg 120w, https:\/\/www.as-ugine.fr\/wp-content\/uploads\/2023\/02\/IMG-20230201-WA0008.jpg 1600w\" sizes=\"auto, (max-width: 909px) 100vw, 909px\" \/><\/figure>\n<figcaption class=\"blocks-gallery-caption wp-element-caption\">Supports \u00e9ducatifs<\/figcaption><\/figure>\n\n\n\n<hr class=\"wp-block-separator has-text-color has-vivid-red-color has-alpha-channel-opacity has-vivid-red-background-color has-background\"\/>\n\n\n\n<h2 class=\"wp-block-heading has-vivid-red-color has-text-color\">R\u00e9union sur l&rsquo;arbitrage par ninon<\/h2>\n\n\n\n<p class=\"has-medium-font-size\"><img loading=\"lazy\" decoding=\"async\" height=\"16\" width=\"16\" src=\"https:\/\/static.xx.fbcdn.net\/images\/emoji.php\/v9\/t30\/2\/16\/26bd.png\" alt=\"\u26bd\"><img loading=\"lazy\" decoding=\"async\" height=\"16\" width=\"16\" src=\"https:\/\/static.xx.fbcdn.net\/images\/emoji.php\/v9\/t30\/2\/16\/26bd.png\" alt=\"\u26bd\"><img loading=\"lazy\" decoding=\"async\" height=\"16\" width=\"16\" src=\"https:\/\/static.xx.fbcdn.net\/images\/emoji.php\/v9\/t30\/2\/16\/26bd.png\" alt=\"\u26bd\"> Ce matin a eu lieu la pr\u00e9sentation \u00ab\u00a0devenir arbitre\u00a0\u00bb par Ninon MOUSSELARD dont<\/p>\n\n\n\n<p class=\"has-medium-font-size\">l&rsquo;objectif a \u00e9t\u00e9 de faire d\u00e9couvrir l&rsquo;arbitrage \u00e0 nos licenci\u00e9s. <img loading=\"lazy\" decoding=\"async\" height=\"16\" width=\"16\" alt=\"\u26bd\" src=\"https:\/\/static.xx.fbcdn.net\/images\/emoji.php\/v9\/t30\/2\/16\/26bd.png\"><img loading=\"lazy\" decoding=\"async\" height=\"16\" width=\"16\" alt=\"\u26bd\" src=\"https:\/\/static.xx.fbcdn.net\/images\/emoji.php\/v9\/t30\/2\/16\/26bd.png\"><img loading=\"lazy\" decoding=\"async\" height=\"16\" width=\"16\" alt=\"\u26bd\" src=\"https:\/\/static.xx.fbcdn.net\/images\/emoji.php\/v9\/t30\/2\/16\/26bd.png\"><\/p>\n\n\n\n<p class=\"has-medium-font-size\">Nous tenons, par ailleurs, \u00e0 remercier la trentaine de participants repr\u00e9sentants les cat\u00e9gories U15, U15F, U17, et \u00e0 leurs \u00e9ducateurs de leur pr\u00e9sence.<\/p>\n\n\n\n<p class=\"has-medium-font-size\"><a><\/a>Merci \u00e0 Ninon pour son implication et \u00e9galement \u00e0 Michel Chevallier pour ses compl\u00e9ments d&rsquo;informations. <img loading=\"lazy\" decoding=\"async\" height=\"16\" width=\"16\" alt=\"\ud83d\ude4f\" src=\"https:\/\/static.xx.fbcdn.net\/images\/emoji.php\/v9\/t1f\/2\/16\/1f64f.png\"><img loading=\"lazy\" decoding=\"async\" height=\"16\" width=\"16\" alt=\"\ud83d\ude4f\" src=\"https:\/\/static.xx.fbcdn.net\/images\/emoji.php\/v9\/t1f\/2\/16\/1f64f.png\"><img loading=\"lazy\" decoding=\"async\" height=\"16\" width=\"16\" alt=\"\ud83d\ude4f\" src=\"https:\/\/static.xx.fbcdn.net\/images\/emoji.php\/v9\/t1f\/2\/16\/1f64f.png\"><\/p>\n\n\n\n<p class=\"has-medium-font-size\">Le club se r\u00e9jouit d&rsquo;avoir une licenci\u00e9e U15F se lancer dans l&rsquo;arbitrage et pourra b\u00e9n\u00e9ficier d&rsquo;un accompagnement pour sa formation. <img loading=\"lazy\" decoding=\"async\" height=\"16\" width=\"16\" src=\"https:\/\/static.xx.fbcdn.net\/images\/emoji.php\/v9\/t9d\/2\/16\/1f44f.png\" alt=\"\ud83d\udc4f\"><img loading=\"lazy\" decoding=\"async\" height=\"16\" width=\"16\" src=\"https:\/\/static.xx.fbcdn.net\/images\/emoji.php\/v9\/t9d\/2\/16\/1f44f.png\" alt=\"\ud83d\udc4f\"><img loading=\"lazy\" decoding=\"async\" height=\"16\" width=\"16\" src=\"https:\/\/static.xx.fbcdn.net\/images\/emoji.php\/v9\/t9d\/2\/16\/1f44f.png\" alt=\"\ud83d\udc4f\"><\/p>\n\n\n\n<figure class=\"wp-block-gallery alignfull has-nested-images columns-default is-cropped wp-block-gallery-4 is-layout-flex wp-block-gallery-is-layout-flex\">\n<figure class=\"wp-block-image size-large\"><img loading=\"lazy\" decoding=\"async\" width=\"909\" height=\"682\" data-id=\"814\" src=\"https:\/\/www.as-ugine.fr\/wp-content\/uploads\/2023\/01\/IMG-20230114-WA0004-1-909x682.jpg\" alt=\"\" class=\"wp-image-814\" srcset=\"https:\/\/www.as-ugine.fr\/wp-content\/uploads\/2023\/01\/IMG-20230114-WA0004-1-909x682.jpg 909w, https:\/\/www.as-ugine.fr\/wp-content\/uploads\/2023\/01\/IMG-20230114-WA0004-1-267x200.jpg 267w, https:\/\/www.as-ugine.fr\/wp-content\/uploads\/2023\/01\/IMG-20230114-WA0004-1-150x113.jpg 150w, https:\/\/www.as-ugine.fr\/wp-content\/uploads\/2023\/01\/IMG-20230114-WA0004-1-768x576.jpg 768w, https:\/\/www.as-ugine.fr\/wp-content\/uploads\/2023\/01\/IMG-20230114-WA0004-1-120x90.jpg 120w, https:\/\/www.as-ugine.fr\/wp-content\/uploads\/2023\/01\/IMG-20230114-WA0004-1.jpg 1296w\" sizes=\"auto, (max-width: 909px) 100vw, 909px\" \/><\/figure>\n\n\n\n<figure class=\"wp-block-image size-large\"><img loading=\"lazy\" decoding=\"async\" width=\"909\" height=\"682\" data-id=\"813\" src=\"https:\/\/www.as-ugine.fr\/wp-content\/uploads\/2023\/01\/IMG-20230114-WA0003-909x682.jpg\" alt=\"\" class=\"wp-image-813\" srcset=\"https:\/\/www.as-ugine.fr\/wp-content\/uploads\/2023\/01\/IMG-20230114-WA0003-909x682.jpg 909w, https:\/\/www.as-ugine.fr\/wp-content\/uploads\/2023\/01\/IMG-20230114-WA0003-267x200.jpg 267w, https:\/\/www.as-ugine.fr\/wp-content\/uploads\/2023\/01\/IMG-20230114-WA0003-150x113.jpg 150w, https:\/\/www.as-ugine.fr\/wp-content\/uploads\/2023\/01\/IMG-20230114-WA0003-768x576.jpg 768w, https:\/\/www.as-ugine.fr\/wp-content\/uploads\/2023\/01\/IMG-20230114-WA0003-1536x1152.jpg 1536w, https:\/\/www.as-ugine.fr\/wp-content\/uploads\/2023\/01\/IMG-20230114-WA0003-120x90.jpg 120w, https:\/\/www.as-ugine.fr\/wp-content\/uploads\/2023\/01\/IMG-20230114-WA0003.jpg 1600w\" sizes=\"auto, (max-width: 909px) 100vw, 909px\" \/><\/figure>\n\n\n\n<figure class=\"wp-block-image size-large\"><img loading=\"lazy\" decoding=\"async\" width=\"909\" height=\"682\" data-id=\"816\" src=\"https:\/\/www.as-ugine.fr\/wp-content\/uploads\/2023\/01\/IMG-20230114-WA0008-909x682.jpg\" alt=\"\" class=\"wp-image-816\" srcset=\"https:\/\/www.as-ugine.fr\/wp-content\/uploads\/2023\/01\/IMG-20230114-WA0008-909x682.jpg 909w, https:\/\/www.as-ugine.fr\/wp-content\/uploads\/2023\/01\/IMG-20230114-WA0008-267x200.jpg 267w, https:\/\/www.as-ugine.fr\/wp-content\/uploads\/2023\/01\/IMG-20230114-WA0008-150x113.jpg 150w, https:\/\/www.as-ugine.fr\/wp-content\/uploads\/2023\/01\/IMG-20230114-WA0008-768x576.jpg 768w, https:\/\/www.as-ugine.fr\/wp-content\/uploads\/2023\/01\/IMG-20230114-WA0008-1536x1152.jpg 1536w, https:\/\/www.as-ugine.fr\/wp-content\/uploads\/2023\/01\/IMG-20230114-WA0008-120x90.jpg 120w, https:\/\/www.as-ugine.fr\/wp-content\/uploads\/2023\/01\/IMG-20230114-WA0008.jpg 1600w\" sizes=\"auto, (max-width: 909px) 100vw, 909px\" \/><\/figure>\n\n\n\n<figure class=\"wp-block-image size-large\"><img loading=\"lazy\" decoding=\"async\" width=\"909\" height=\"682\" data-id=\"818\" src=\"https:\/\/www.as-ugine.fr\/wp-content\/uploads\/2023\/01\/IMG-20230114-WA0006-909x682.jpg\" alt=\"\" class=\"wp-image-818\" srcset=\"https:\/\/www.as-ugine.fr\/wp-content\/uploads\/2023\/01\/IMG-20230114-WA0006-909x682.jpg 909w, https:\/\/www.as-ugine.fr\/wp-content\/uploads\/2023\/01\/IMG-20230114-WA0006-267x200.jpg 267w, https:\/\/www.as-ugine.fr\/wp-content\/uploads\/2023\/01\/IMG-20230114-WA0006-150x113.jpg 150w, https:\/\/www.as-ugine.fr\/wp-content\/uploads\/2023\/01\/IMG-20230114-WA0006-768x576.jpg 768w, https:\/\/www.as-ugine.fr\/wp-content\/uploads\/2023\/01\/IMG-20230114-WA0006-1536x1152.jpg 1536w, https:\/\/www.as-ugine.fr\/wp-content\/uploads\/2023\/01\/IMG-20230114-WA0006-120x90.jpg 120w, https:\/\/www.as-ugine.fr\/wp-content\/uploads\/2023\/01\/IMG-20230114-WA0006.jpg 1600w\" sizes=\"auto, (max-width: 909px) 100vw, 909px\" \/><\/figure>\n\n\n\n<figure class=\"wp-block-image size-large\"><img loading=\"lazy\" decoding=\"async\" width=\"909\" height=\"682\" data-id=\"817\" src=\"https:\/\/www.as-ugine.fr\/wp-content\/uploads\/2023\/01\/IMG-20230114-WA0005-909x682.jpg\" alt=\"\" class=\"wp-image-817\" srcset=\"https:\/\/www.as-ugine.fr\/wp-content\/uploads\/2023\/01\/IMG-20230114-WA0005-909x682.jpg 909w, https:\/\/www.as-ugine.fr\/wp-content\/uploads\/2023\/01\/IMG-20230114-WA0005-267x200.jpg 267w, https:\/\/www.as-ugine.fr\/wp-content\/uploads\/2023\/01\/IMG-20230114-WA0005-150x113.jpg 150w, https:\/\/www.as-ugine.fr\/wp-content\/uploads\/2023\/01\/IMG-20230114-WA0005-768x576.jpg 768w, https:\/\/www.as-ugine.fr\/wp-content\/uploads\/2023\/01\/IMG-20230114-WA0005-120x90.jpg 120w, https:\/\/www.as-ugine.fr\/wp-content\/uploads\/2023\/01\/IMG-20230114-WA0005.jpg 1296w\" sizes=\"auto, (max-width: 909px) 100vw, 909px\" \/><\/figure>\n\n\n\n<figure class=\"wp-block-image size-large\"><img loading=\"lazy\" decoding=\"async\" width=\"909\" height=\"682\" data-id=\"815\" src=\"https:\/\/www.as-ugine.fr\/wp-content\/uploads\/2023\/01\/IMG-20230114-WA0002-909x682.jpg\" alt=\"\" class=\"wp-image-815\" srcset=\"https:\/\/www.as-ugine.fr\/wp-content\/uploads\/2023\/01\/IMG-20230114-WA0002-909x682.jpg 909w, https:\/\/www.as-ugine.fr\/wp-content\/uploads\/2023\/01\/IMG-20230114-WA0002-267x200.jpg 267w, https:\/\/www.as-ugine.fr\/wp-content\/uploads\/2023\/01\/IMG-20230114-WA0002-150x113.jpg 150w, https:\/\/www.as-ugine.fr\/wp-content\/uploads\/2023\/01\/IMG-20230114-WA0002-768x576.jpg 768w, https:\/\/www.as-ugine.fr\/wp-content\/uploads\/2023\/01\/IMG-20230114-WA0002-1536x1152.jpg 1536w, https:\/\/www.as-ugine.fr\/wp-content\/uploads\/2023\/01\/IMG-20230114-WA0002-120x90.jpg 120w, https:\/\/www.as-ugine.fr\/wp-content\/uploads\/2023\/01\/IMG-20230114-WA0002.jpg 1600w\" sizes=\"auto, (max-width: 909px) 100vw, 909px\" \/><\/figure>\n\n\n\n<figure class=\"wp-block-image size-large\"><img loading=\"lazy\" decoding=\"async\" width=\"909\" height=\"682\" data-id=\"812\" src=\"https:\/\/www.as-ugine.fr\/wp-content\/uploads\/2023\/01\/IMG-20230114-WA0007-909x682.jpg\" alt=\"\" class=\"wp-image-812\" srcset=\"https:\/\/www.as-ugine.fr\/wp-content\/uploads\/2023\/01\/IMG-20230114-WA0007-909x682.jpg 909w, https:\/\/www.as-ugine.fr\/wp-content\/uploads\/2023\/01\/IMG-20230114-WA0007-267x200.jpg 267w, https:\/\/www.as-ugine.fr\/wp-content\/uploads\/2023\/01\/IMG-20230114-WA0007-150x113.jpg 150w, https:\/\/www.as-ugine.fr\/wp-content\/uploads\/2023\/01\/IMG-20230114-WA0007-768x576.jpg 768w, https:\/\/www.as-ugine.fr\/wp-content\/uploads\/2023\/01\/IMG-20230114-WA0007-1536x1152.jpg 1536w, https:\/\/www.as-ugine.fr\/wp-content\/uploads\/2023\/01\/IMG-20230114-WA0007-120x90.jpg 120w, https:\/\/www.as-ugine.fr\/wp-content\/uploads\/2023\/01\/IMG-20230114-WA0007.jpg 1600w\" sizes=\"auto, (max-width: 909px) 100vw, 909px\" \/><\/figure>\n\n\n\n<figure class=\"wp-block-image size-large\"><img loading=\"lazy\" decoding=\"async\" width=\"909\" height=\"682\" data-id=\"811\" src=\"https:\/\/www.as-ugine.fr\/wp-content\/uploads\/2023\/01\/IMG-20230114-WA0001-909x682.jpg\" alt=\"\" class=\"wp-image-811\" srcset=\"https:\/\/www.as-ugine.fr\/wp-content\/uploads\/2023\/01\/IMG-20230114-WA0001-909x682.jpg 909w, https:\/\/www.as-ugine.fr\/wp-content\/uploads\/2023\/01\/IMG-20230114-WA0001-267x200.jpg 267w, https:\/\/www.as-ugine.fr\/wp-content\/uploads\/2023\/01\/IMG-20230114-WA0001-150x113.jpg 150w, https:\/\/www.as-ugine.fr\/wp-content\/uploads\/2023\/01\/IMG-20230114-WA0001-768x576.jpg 768w, https:\/\/www.as-ugine.fr\/wp-content\/uploads\/2023\/01\/IMG-20230114-WA0001-120x90.jpg 120w, https:\/\/www.as-ugine.fr\/wp-content\/uploads\/2023\/01\/IMG-20230114-WA0001.jpg 1296w\" sizes=\"auto, (max-width: 909px) 100vw, 909px\" \/><\/figure>\n<\/figure>\n","protected":false},"excerpt":{"rendered":"<p>Label Jeunes Espoir Cette soir\u00e9e du jeudi 27 Mars 2025 a \u00e9t\u00e9 marqu\u00e9e par la c\u00e9r\u00e9monie de remise du Label Jeunes Espoir et du Label &hellip; <\/p>\n","protected":false},"author":3,"featured_media":0,"comment_status":"closed","ping_status":"open","sticky":false,"template":"","format":"standard","meta":{"footnotes":""},"categories":[35],"tags":[],"class_list":["post-1123","post","type-post","status-publish","format-standard","hentry","category-actualites","latest_post"],"_links":{"self":[{"href":"https:\/\/www.as-ugine.fr\/index.php\/wp-json\/wp\/v2\/posts\/1123","targetHints":{"allow":["GET"]}}],"collection":[{"href":"https:\/\/www.as-ugine.fr\/index.php\/wp-json\/wp\/v2\/posts"}],"about":[{"href":"https:\/\/www.as-ugine.fr\/index.php\/wp-json\/wp\/v2\/types\/post"}],"author":[{"embeddable":true,"href":"https:\/\/www.as-ugine.fr\/index.php\/wp-json\/wp\/v2\/users\/3"}],"replies":[{"embeddable":true,"href":"https:\/\/www.as-ugine.fr\/index.php\/wp-json\/wp\/v2\/comments?post=1123"}],"version-history":[{"count":100,"href":"https:\/\/www.as-ugine.fr\/index.php\/wp-json\/wp\/v2\/posts\/1123\/revisions"}],"predecessor-version":[{"id":2626,"href":"https:\/\/www.as-ugine.fr\/index.php\/wp-json\/wp\/v2\/posts\/1123\/revisions\/2626"}],"wp:attachment":[{"href":"https:\/\/www.as-ugine.fr\/index.php\/wp-json\/wp\/v2\/media?parent=1123"}],"wp:term":[{"taxonomy":"category","embeddable":true,"href":"https:\/\/www.as-ugine.fr\/index.php\/wp-json\/wp\/v2\/categories?post=1123"},{"taxonomy":"post_tag","embeddable":true,"href":"https:\/\/www.as-ugine.fr\/index.php\/wp-json\/wp\/v2\/tags?post=1123"}],"curies":[{"name":"wp","href":"https:\/\/api.w.org\/{rel}","templated":true}]}}